{"id":3240,"date":"2023-09-19T15:13:07","date_gmt":"2023-09-19T13:13:07","guid":{"rendered":"https:\/\/hz.hr\/?p=3240"},"modified":"2023-09-21T10:32:03","modified_gmt":"2023-09-21T08:32:03","slug":"hz-cargo-modernizirao-prvu-lokomotivu-i-nastavlja-realizaciju-strateskog-cilja-obnove-voznog-parka","status":"publish","type":"post","link":"https:\/\/hz.hr\/en\/hz-cargo-modernizirao-prvu-lokomotivu-i-nastavlja-realizaciju-strateskog-cilja-obnove-voznog-parka\/","title":{"rendered":"H\u017d Cargo modernizirao prvu lokomotivu u suradnji s Kon\u010darem"},"content":{"rendered":"<p>Nakon \u0161to su H\u017d Cargo i tvrtka Kon\u010dar elektri\u010dna vozila u svibnju 2022. godine potpisali ugovor o popravku i modernizaciji lokomotiva serije 1141, danas je iz tvornice izi\u0161la prva modernizirana lokomotiva koja \u0107e uskoro biti stavljena u pogon. Ova \u0107e suradnja omogu\u0107iti smanjenje tro\u0161kova eksploatacije i odr\u017eavanja lokomotiva te pove\u0107ati njihovu pouzdanost i raspolo\u017eivost u prometu.<\/p>\n<p><a href=\"https:\/\/slobodnadalmacija.hr\/vijesti\/hrvatska\/hz-cargo-modernizirao-prvu-lokomotivu-i-nastavlja-realizaciju-strateskog-cilja-obnove-voznog-parka-1320163\">https:\/\/slobodnadalmacija.hr\/vijesti\/hrvatska\/hz-cargo-modernizirao-prvu-lokomotivu-i-nastavlja-realizaciju-strateskog-cilja-obnove-voznog-parka-1320163<\/a><\/p>\n<p>&nbsp;<\/p>\n<p>&nbsp;<\/p>\n<p>&nbsp;<\/p>\n","protected":false},"excerpt":{"rendered":"<p>Nakon \u0161to su H\u017d Cargo i tvrtka Kon\u010dar elektri\u010dna vozila u svibnju 2022. godine potpisali ugovor o popravku i modernizaciji lokomotiva serije 1141, danas je iz tvornice izi\u0161la prva modernizirana lokomotiva koja \u0107e uskoro biti stavljena u pogon. &hellip;<\/p>\n","protected":false},"author":2,"featured_media":2644,"comment_status":"open","ping_status":"open","sticky":false,"template":"","format":"standard","meta":{"footnotes":""},"categories":[4],"tags":[],"class_list":["post-3240","post","type-post","status-publish","format-standard","has-post-thumbnail","hentry","category-novosti"],"acf":[],"yoast_head":"<!-- This site is optimized with the Yoast SEO plugin v21.2 - https:\/\/yoast.com\/wordpress\/plugins\/seo\/ -->\n<title>H\u017d Cargo modernizirao prvu lokomotivu u suradnji s Kon\u010darem - H\u017d Cargo<\/title>\n<meta name=\"robots\" content=\"noindex, follow, max-snippet:-1, max-image-preview:large, max-video-preview:-1\" \/>\n<meta property=\"og:locale\" content=\"en_US\" \/>\n<meta property=\"og:type\" content=\"article\" \/>\n<meta property=\"og:title\" content=\"H\u017d Cargo modernizirao prvu lokomotivu u suradnji s Kon\u010darem - H\u017d Cargo\" \/>\n<meta property=\"og:description\" content=\"Nakon \u0161to su H\u017d Cargo i tvrtka Kon\u010dar elektri\u010dna vozila u svibnju 2022. godine potpisali ugovor o popravku i modernizaciji lokomotiva serije 1141, danas je iz tvornice izi\u0161la prva modernizirana lokomotiva koja \u0107e uskoro biti stavljena u pogon. &hellip;\" \/>\n<meta property=\"og:url\" content=\"https:\/\/hz.hr\/hz-cargo-modernizirao-prvu-lokomotivu-i-nastavlja-realizaciju-strateskog-cilja-obnove-voznog-parka\/\" \/>\n<meta property=\"og:site_name\" content=\"H\u017d Cargo\" \/>\n<meta property=\"article:published_time\" content=\"2023-09-19T13:13:07+00:00\" \/>\n<meta property=\"article:modified_time\" content=\"2023-09-21T08:32:03+00:00\" \/>\n<meta property=\"og:image\" content=\"https:\/\/hz.hr\/wp-content\/uploads\/2023\/09\/Lokomotiva-serije-1141-1440x1080.jpg\" \/>\n\t<meta property=\"og:image:width\" content=\"2560\" \/>\n\t<meta property=\"og:image:height\" content=\"1920\" \/>\n\t<meta property=\"og:image:type\" content=\"image\/jpeg\" \/>\n<meta name=\"author\" content=\"marina.zelic\" \/>\n<meta name=\"twitter:card\" content=\"summary_large_image\" \/>\n<meta name=\"twitter:label1\" content=\"Written by\" \/>\n\t<meta name=\"twitter:data1\" content=\"marina.zelic\" \/>\n\t<meta name=\"twitter:label2\" content=\"Est. reading time\" \/>\n\t<meta name=\"twitter:data2\" content=\"1 minute\" \/>\n<script type=\"application\/ld+json\" class=\"yoast-schema-graph\">{\"@context\":\"https:\/\/schema.org\",\"@graph\":[{\"@type\":\"WebPage\",\"@id\":\"https:\/\/hz.hr\/hz-cargo-modernizirao-prvu-lokomotivu-i-nastavlja-realizaciju-strateskog-cilja-obnove-voznog-parka\/\",\"url\":\"https:\/\/hz.hr\/hz-cargo-modernizirao-prvu-lokomotivu-i-nastavlja-realizaciju-strateskog-cilja-obnove-voznog-parka\/\",\"name\":\"H\u017d Cargo modernizirao prvu lokomotivu u suradnji s Kon\u010darem - H\u017d Cargo\",\"isPartOf\":{\"@id\":\"https:\/\/hz.hr\/#website\"},\"datePublished\":\"2023-09-19T13:13:07+00:00\",\"dateModified\":\"2023-09-21T08:32:03+00:00\",\"author\":{\"@id\":\"https:\/\/hz.hr\/#\/schema\/person\/b45c05e998c1f517a334bf161dbbe363\"},\"breadcrumb\":{\"@id\":\"https:\/\/hz.hr\/hz-cargo-modernizirao-prvu-lokomotivu-i-nastavlja-realizaciju-strateskog-cilja-obnove-voznog-parka\/#breadcrumb\"},\"inLanguage\":\"en-US\",\"potentialAction\":[{\"@type\":\"ReadAction\",\"target\":[\"https:\/\/hz.hr\/hz-cargo-modernizirao-prvu-lokomotivu-i-nastavlja-realizaciju-strateskog-cilja-obnove-voznog-parka\/\"]}]},{\"@type\":\"BreadcrumbList\",\"@id\":\"https:\/\/hz.hr\/hz-cargo-modernizirao-prvu-lokomotivu-i-nastavlja-realizaciju-strateskog-cilja-obnove-voznog-parka\/#breadcrumb\",\"itemListElement\":[{\"@type\":\"ListItem\",\"position\":1,\"name\":\"Home\",\"item\":\"https:\/\/hz.hr\/en\/\"},{\"@type\":\"ListItem\",\"position\":2,\"name\":\"H\u017d Cargo modernizirao prvu lokomotivu u suradnji s Kon\u010darem\"}]},{\"@type\":\"WebSite\",\"@id\":\"https:\/\/hz.hr\/#website\",\"url\":\"https:\/\/hz.hr\/\",\"name\":\"H\u017d Cargo\",\"description\":\"dru\u0161tvo s ograni\u010denom odgovorno\u0161\u0107u za prijevoz tereta\",\"potentialAction\":[{\"@type\":\"SearchAction\",\"target\":{\"@type\":\"EntryPoint\",\"urlTemplate\":\"https:\/\/hz.hr\/?s={search_term_string}\"},\"query-input\":\"required name=search_term_string\"}],\"inLanguage\":\"en-US\"},{\"@type\":\"Person\",\"@id\":\"https:\/\/hz.hr\/#\/schema\/person\/b45c05e998c1f517a334bf161dbbe363\",\"name\":\"marina.zelic\",\"image\":{\"@type\":\"ImageObject\",\"inLanguage\":\"en-US\",\"@id\":\"https:\/\/hz.hr\/#\/schema\/person\/image\/\",\"url\":\"https:\/\/secure.gravatar.com\/avatar\/8e87ebb13de47ab7a8e383f7a45e40011e932ea29415b655fccc687f6ee03de3?s=96&d=mm&r=g\",\"contentUrl\":\"https:\/\/secure.gravatar.com\/avatar\/8e87ebb13de47ab7a8e383f7a45e40011e932ea29415b655fccc687f6ee03de3?s=96&d=mm&r=g\",\"caption\":\"marina.zelic\"},\"url\":\"https:\/\/hz.hr\/en\/author\/marina-zelic\/\"}]}<\/script>\n<!-- \/ Yoast SEO plugin. -->","yoast_head_json":{"title":"H\u017d Cargo modernizirao prvu lokomotivu u suradnji s Kon\u010darem - H\u017d Cargo","robots":{"index":"noindex","follow":"follow","max-snippet":"max-snippet:-1","max-image-preview":"max-image-preview:large","max-video-preview":"max-video-preview:-1"},"og_locale":"en_US","og_type":"article","og_title":"H\u017d Cargo modernizirao prvu lokomotivu u suradnji s Kon\u010darem - H\u017d Cargo","og_description":"Nakon \u0161to su H\u017d Cargo i tvrtka Kon\u010dar elektri\u010dna vozila u svibnju 2022. godine potpisali ugovor o popravku i modernizaciji lokomotiva serije 1141, danas je iz tvornice izi\u0161la prva modernizirana lokomotiva koja \u0107e uskoro biti stavljena u pogon. &hellip;","og_url":"https:\/\/hz.hr\/hz-cargo-modernizirao-prvu-lokomotivu-i-nastavlja-realizaciju-strateskog-cilja-obnove-voznog-parka\/","og_site_name":"H\u017d Cargo","article_published_time":"2023-09-19T13:13:07+00:00","article_modified_time":"2023-09-21T08:32:03+00:00","og_image":[{"width":2560,"height":1920,"url":"https:\/\/hz.hr\/wp-content\/uploads\/2023\/09\/Lokomotiva-serije-1141-1440x1080.jpg","type":"image\/jpeg"}],"author":"marina.zelic","twitter_card":"summary_large_image","twitter_misc":{"Written by":"marina.zelic","Est. reading time":"1 minute"},"schema":{"@context":"https:\/\/schema.org","@graph":[{"@type":"WebPage","@id":"https:\/\/hz.hr\/hz-cargo-modernizirao-prvu-lokomotivu-i-nastavlja-realizaciju-strateskog-cilja-obnove-voznog-parka\/","url":"https:\/\/hz.hr\/hz-cargo-modernizirao-prvu-lokomotivu-i-nastavlja-realizaciju-strateskog-cilja-obnove-voznog-parka\/","name":"H\u017d Cargo modernizirao prvu lokomotivu u suradnji s Kon\u010darem - H\u017d Cargo","isPartOf":{"@id":"https:\/\/hz.hr\/#website"},"datePublished":"2023-09-19T13:13:07+00:00","dateModified":"2023-09-21T08:32:03+00:00","author":{"@id":"https:\/\/hz.hr\/#\/schema\/person\/b45c05e998c1f517a334bf161dbbe363"},"breadcrumb":{"@id":"https:\/\/hz.hr\/hz-cargo-modernizirao-prvu-lokomotivu-i-nastavlja-realizaciju-strateskog-cilja-obnove-voznog-parka\/#breadcrumb"},"inLanguage":"en-US","potentialAction":[{"@type":"ReadAction","target":["https:\/\/hz.hr\/hz-cargo-modernizirao-prvu-lokomotivu-i-nastavlja-realizaciju-strateskog-cilja-obnove-voznog-parka\/"]}]},{"@type":"BreadcrumbList","@id":"https:\/\/hz.hr\/hz-cargo-modernizirao-prvu-lokomotivu-i-nastavlja-realizaciju-strateskog-cilja-obnove-voznog-parka\/#breadcrumb","itemListElement":[{"@type":"ListItem","position":1,"name":"Home","item":"https:\/\/hz.hr\/en\/"},{"@type":"ListItem","position":2,"name":"H\u017d Cargo modernizirao prvu lokomotivu u suradnji s Kon\u010darem"}]},{"@type":"WebSite","@id":"https:\/\/hz.hr\/#website","url":"https:\/\/hz.hr\/","name":"H\u017d Cargo","description":"dru\u0161tvo s ograni\u010denom odgovorno\u0161\u0107u za prijevoz tereta","potentialAction":[{"@type":"SearchAction","target":{"@type":"EntryPoint","urlTemplate":"https:\/\/hz.hr\/?s={search_term_string}"},"query-input":"required name=search_term_string"}],"inLanguage":"en-US"},{"@type":"Person","@id":"https:\/\/hz.hr\/#\/schema\/person\/b45c05e998c1f517a334bf161dbbe363","name":"marina.zelic","image":{"@type":"ImageObject","inLanguage":"en-US","@id":"https:\/\/hz.hr\/#\/schema\/person\/image\/","url":"https:\/\/secure.gravatar.com\/avatar\/8e87ebb13de47ab7a8e383f7a45e40011e932ea29415b655fccc687f6ee03de3?s=96&d=mm&r=g","contentUrl":"https:\/\/secure.gravatar.com\/avatar\/8e87ebb13de47ab7a8e383f7a45e40011e932ea29415b655fccc687f6ee03de3?s=96&d=mm&r=g","caption":"marina.zelic"},"url":"https:\/\/hz.hr\/en\/author\/marina-zelic\/"}]}},"_links":{"self":[{"href":"https:\/\/hz.hr\/en\/wp-json\/wp\/v2\/posts\/3240","targetHints":{"allow":["GET"]}}],"collection":[{"href":"https:\/\/hz.hr\/en\/wp-json\/wp\/v2\/posts"}],"about":[{"href":"https:\/\/hz.hr\/en\/wp-json\/wp\/v2\/types\/post"}],"author":[{"embeddable":true,"href":"https:\/\/hz.hr\/en\/wp-json\/wp\/v2\/users\/2"}],"replies":[{"embeddable":true,"href":"https:\/\/hz.hr\/en\/wp-json\/wp\/v2\/comments?post=3240"}],"version-history":[{"count":3,"href":"https:\/\/hz.hr\/en\/wp-json\/wp\/v2\/posts\/3240\/revisions"}],"predecessor-version":[{"id":3331,"href":"https:\/\/hz.hr\/en\/wp-json\/wp\/v2\/posts\/3240\/revisions\/3331"}],"wp:featuredmedia":[{"embeddable":true,"href":"https:\/\/hz.hr\/en\/wp-json\/wp\/v2\/media\/2644"}],"wp:attachment":[{"href":"https:\/\/hz.hr\/en\/wp-json\/wp\/v2\/media?parent=3240"}],"wp:term":[{"taxonomy":"category","embeddable":true,"href":"https:\/\/hz.hr\/en\/wp-json\/wp\/v2\/categories?post=3240"},{"taxonomy":"post_tag","embeddable":true,"href":"https:\/\/hz.hr\/en\/wp-json\/wp\/v2\/tags?post=3240"}],"curies":[{"name":"wp","href":"https:\/\/api.w.org\/{rel}","templated":true}]}}