{"id":1885,"date":"2022-09-02T00:00:00","date_gmt":"2022-09-02T00:00:00","guid":{"rendered":"https:\/\/hz.hr\/hz-cargo-moze-obraniti-svoj-trzisni-udio\/"},"modified":"2023-09-21T10:52:57","modified_gmt":"2023-09-21T08:52:57","slug":"hz-cargo-moze-obraniti-svoj-trzisni-udio","status":"publish","type":"post","link":"https:\/\/hz.hr\/en\/hz-cargo-moze-obraniti-svoj-trzisni-udio\/","title":{"rendered":"H\u017d Cargo mo\u017ee obraniti svoj tr\u017ei\u0161ni udio"},"content":{"rendered":"<p>H\u017d Cargo je pokazao da se mo\u017ee i zna mijenjati, da ima svoje tr\u017ei&scaron;no opravdanje i logiku, ali se mora rije&scaron;iti balasta. Zadnji put dr\u017eava mora reagirati &#8211; ne toliko novcem, nego brzinom i mudrom politikom.&ldquo; &ndash; izjavio je izme\u0111u ostalog direktor H\u017d Carga Dragan Mar\u010dinko u najnovijem intervjuu. Pro\u010ditajte cijeli intervju na poveznici: <\/span><a href=\"https:\/\/novac.jutarnji.hr\/novac\/aktualno\/dragan-marcinko-hz-cargo-moze-obraniti-svoj-trzisni-udio-15238388\">H\u017d Cargo mo\u017ee obraniti svoj tr\u017ei&scaron;ni udio<\/a><\/p>\n","protected":false},"excerpt":{"rendered":"<p>H\u017d Cargo je pokazao da se mo\u017ee i zna mijenjati, da ima svoje tr\u017ei&scaron;no opravdanje i logiku, ali se mora rije&scaron;iti balasta. Zadnji put dr\u017eava mora reagirati &#8211; ne toliko novcem, nego brzinom i mudrom politikom.&ldquo; &ndash; izjavio &hellip;<\/p>\n","protected":false},"author":1,"featured_media":0,"comment_status":"open","ping_status":"open","sticky":false,"template":"","format":"standard","meta":{"footnotes":""},"categories":[4],"tags":[],"class_list":["post-1885","post","type-post","status-publish","format-standard","hentry","category-novosti"],"acf":[],"yoast_head":"<!-- This site is optimized with the Yoast SEO plugin v21.2 - https:\/\/yoast.com\/wordpress\/plugins\/seo\/ -->\n<title>H\u017d Cargo mo\u017ee obraniti svoj tr\u017ei\u0161ni udio - H\u017d Cargo<\/title>\n<meta name=\"robots\" content=\"noindex, follow, max-snippet:-1, max-image-preview:large, max-video-preview:-1\" \/>\n<meta property=\"og:locale\" content=\"en_US\" \/>\n<meta property=\"og:type\" content=\"article\" \/>\n<meta property=\"og:title\" content=\"H\u017d Cargo mo\u017ee obraniti svoj tr\u017ei\u0161ni udio - H\u017d Cargo\" \/>\n<meta property=\"og:description\" content=\"H\u017d Cargo je pokazao da se mo\u017ee i zna mijenjati, da ima svoje tr\u017ei&scaron;no opravdanje i logiku, ali se mora rije&scaron;iti balasta. Zadnji put dr\u017eava mora reagirati &#8211; ne toliko novcem, nego brzinom i mudrom politikom.&ldquo; &ndash; izjavio &hellip;\" \/>\n<meta property=\"og:url\" content=\"https:\/\/hz.hr\/hz-cargo-moze-obraniti-svoj-trzisni-udio\/\" \/>\n<meta property=\"og:site_name\" content=\"H\u017d Cargo\" \/>\n<meta property=\"article:published_time\" content=\"2022-09-02T00:00:00+00:00\" \/>\n<meta property=\"article:modified_time\" content=\"2023-09-21T08:52:57+00:00\" \/>\n<meta name=\"author\" content=\"redneck\" \/>\n<meta name=\"twitter:card\" content=\"summary_large_image\" \/>\n<meta name=\"twitter:label1\" content=\"Written by\" \/>\n\t<meta name=\"twitter:data1\" content=\"redneck\" \/>\n\t<meta name=\"twitter:label2\" content=\"Est. reading time\" \/>\n\t<meta name=\"twitter:data2\" content=\"1 minute\" \/>\n<script type=\"application\/ld+json\" class=\"yoast-schema-graph\">{\"@context\":\"https:\/\/schema.org\",\"@graph\":[{\"@type\":\"WebPage\",\"@id\":\"https:\/\/hz.hr\/hz-cargo-moze-obraniti-svoj-trzisni-udio\/\",\"url\":\"https:\/\/hz.hr\/hz-cargo-moze-obraniti-svoj-trzisni-udio\/\",\"name\":\"H\u017d Cargo mo\u017ee obraniti svoj tr\u017ei\u0161ni udio - H\u017d Cargo\",\"isPartOf\":{\"@id\":\"https:\/\/hz.hr\/#website\"},\"datePublished\":\"2022-09-02T00:00:00+00:00\",\"dateModified\":\"2023-09-21T08:52:57+00:00\",\"author\":{\"@id\":\"https:\/\/hz.hr\/#\/schema\/person\/e6a756daf50d739efc785c59686e6339\"},\"breadcrumb\":{\"@id\":\"https:\/\/hz.hr\/hz-cargo-moze-obraniti-svoj-trzisni-udio\/#breadcrumb\"},\"inLanguage\":\"en-US\",\"potentialAction\":[{\"@type\":\"ReadAction\",\"target\":[\"https:\/\/hz.hr\/hz-cargo-moze-obraniti-svoj-trzisni-udio\/\"]}]},{\"@type\":\"BreadcrumbList\",\"@id\":\"https:\/\/hz.hr\/hz-cargo-moze-obraniti-svoj-trzisni-udio\/#breadcrumb\",\"itemListElement\":[{\"@type\":\"ListItem\",\"position\":1,\"name\":\"Home\",\"item\":\"https:\/\/hz.hr\/en\/\"},{\"@type\":\"ListItem\",\"position\":2,\"name\":\"H\u017d Cargo mo\u017ee obraniti svoj tr\u017ei\u0161ni udio\"}]},{\"@type\":\"WebSite\",\"@id\":\"https:\/\/hz.hr\/#website\",\"url\":\"https:\/\/hz.hr\/\",\"name\":\"H\u017d Cargo\",\"description\":\"dru\u0161tvo s ograni\u010denom odgovorno\u0161\u0107u za prijevoz tereta\",\"potentialAction\":[{\"@type\":\"SearchAction\",\"target\":{\"@type\":\"EntryPoint\",\"urlTemplate\":\"https:\/\/hz.hr\/?s={search_term_string}\"},\"query-input\":\"required name=search_term_string\"}],\"inLanguage\":\"en-US\"},{\"@type\":\"Person\",\"@id\":\"https:\/\/hz.hr\/#\/schema\/person\/e6a756daf50d739efc785c59686e6339\",\"name\":\"redneck\",\"image\":{\"@type\":\"ImageObject\",\"inLanguage\":\"en-US\",\"@id\":\"https:\/\/hz.hr\/#\/schema\/person\/image\/\",\"url\":\"https:\/\/secure.gravatar.com\/avatar\/4e3d009796ae573448501f7401c9a6950eb1260ce7b38fbbcf45aa4c4a19c774?s=96&d=mm&r=g\",\"contentUrl\":\"https:\/\/secure.gravatar.com\/avatar\/4e3d009796ae573448501f7401c9a6950eb1260ce7b38fbbcf45aa4c4a19c774?s=96&d=mm&r=g\",\"caption\":\"redneck\"},\"sameAs\":[\"https:\/\/hz.hr\"],\"url\":\"https:\/\/hz.hr\/en\/author\/redneck\/\"}]}<\/script>\n<!-- \/ Yoast SEO plugin. -->","yoast_head_json":{"title":"H\u017d Cargo mo\u017ee obraniti svoj tr\u017ei\u0161ni udio - H\u017d Cargo","robots":{"index":"noindex","follow":"follow","max-snippet":"max-snippet:-1","max-image-preview":"max-image-preview:large","max-video-preview":"max-video-preview:-1"},"og_locale":"en_US","og_type":"article","og_title":"H\u017d Cargo mo\u017ee obraniti svoj tr\u017ei\u0161ni udio - H\u017d Cargo","og_description":"H\u017d Cargo je pokazao da se mo\u017ee i zna mijenjati, da ima svoje tr\u017ei&scaron;no opravdanje i logiku, ali se mora rije&scaron;iti balasta. Zadnji put dr\u017eava mora reagirati &#8211; ne toliko novcem, nego brzinom i mudrom politikom.&ldquo; &ndash; izjavio &hellip;","og_url":"https:\/\/hz.hr\/hz-cargo-moze-obraniti-svoj-trzisni-udio\/","og_site_name":"H\u017d Cargo","article_published_time":"2022-09-02T00:00:00+00:00","article_modified_time":"2023-09-21T08:52:57+00:00","author":"redneck","twitter_card":"summary_large_image","twitter_misc":{"Written by":"redneck","Est. reading time":"1 minute"},"schema":{"@context":"https:\/\/schema.org","@graph":[{"@type":"WebPage","@id":"https:\/\/hz.hr\/hz-cargo-moze-obraniti-svoj-trzisni-udio\/","url":"https:\/\/hz.hr\/hz-cargo-moze-obraniti-svoj-trzisni-udio\/","name":"H\u017d Cargo mo\u017ee obraniti svoj tr\u017ei\u0161ni udio - H\u017d Cargo","isPartOf":{"@id":"https:\/\/hz.hr\/#website"},"datePublished":"2022-09-02T00:00:00+00:00","dateModified":"2023-09-21T08:52:57+00:00","author":{"@id":"https:\/\/hz.hr\/#\/schema\/person\/e6a756daf50d739efc785c59686e6339"},"breadcrumb":{"@id":"https:\/\/hz.hr\/hz-cargo-moze-obraniti-svoj-trzisni-udio\/#breadcrumb"},"inLanguage":"en-US","potentialAction":[{"@type":"ReadAction","target":["https:\/\/hz.hr\/hz-cargo-moze-obraniti-svoj-trzisni-udio\/"]}]},{"@type":"BreadcrumbList","@id":"https:\/\/hz.hr\/hz-cargo-moze-obraniti-svoj-trzisni-udio\/#breadcrumb","itemListElement":[{"@type":"ListItem","position":1,"name":"Home","item":"https:\/\/hz.hr\/en\/"},{"@type":"ListItem","position":2,"name":"H\u017d Cargo mo\u017ee obraniti svoj tr\u017ei\u0161ni udio"}]},{"@type":"WebSite","@id":"https:\/\/hz.hr\/#website","url":"https:\/\/hz.hr\/","name":"H\u017d Cargo","description":"dru\u0161tvo s ograni\u010denom odgovorno\u0161\u0107u za prijevoz tereta","potentialAction":[{"@type":"SearchAction","target":{"@type":"EntryPoint","urlTemplate":"https:\/\/hz.hr\/?s={search_term_string}"},"query-input":"required name=search_term_string"}],"inLanguage":"en-US"},{"@type":"Person","@id":"https:\/\/hz.hr\/#\/schema\/person\/e6a756daf50d739efc785c59686e6339","name":"redneck","image":{"@type":"ImageObject","inLanguage":"en-US","@id":"https:\/\/hz.hr\/#\/schema\/person\/image\/","url":"https:\/\/secure.gravatar.com\/avatar\/4e3d009796ae573448501f7401c9a6950eb1260ce7b38fbbcf45aa4c4a19c774?s=96&d=mm&r=g","contentUrl":"https:\/\/secure.gravatar.com\/avatar\/4e3d009796ae573448501f7401c9a6950eb1260ce7b38fbbcf45aa4c4a19c774?s=96&d=mm&r=g","caption":"redneck"},"sameAs":["https:\/\/hz.hr"],"url":"https:\/\/hz.hr\/en\/author\/redneck\/"}]}},"_links":{"self":[{"href":"https:\/\/hz.hr\/en\/wp-json\/wp\/v2\/posts\/1885","targetHints":{"allow":["GET"]}}],"collection":[{"href":"https:\/\/hz.hr\/en\/wp-json\/wp\/v2\/posts"}],"about":[{"href":"https:\/\/hz.hr\/en\/wp-json\/wp\/v2\/types\/post"}],"author":[{"embeddable":true,"href":"https:\/\/hz.hr\/en\/wp-json\/wp\/v2\/users\/1"}],"replies":[{"embeddable":true,"href":"https:\/\/hz.hr\/en\/wp-json\/wp\/v2\/comments?post=1885"}],"version-history":[{"count":2,"href":"https:\/\/hz.hr\/en\/wp-json\/wp\/v2\/posts\/1885\/revisions"}],"predecessor-version":[{"id":3332,"href":"https:\/\/hz.hr\/en\/wp-json\/wp\/v2\/posts\/1885\/revisions\/3332"}],"wp:attachment":[{"href":"https:\/\/hz.hr\/en\/wp-json\/wp\/v2\/media?parent=1885"}],"wp:term":[{"taxonomy":"category","embeddable":true,"href":"https:\/\/hz.hr\/en\/wp-json\/wp\/v2\/categories?post=1885"},{"taxonomy":"post_tag","embeddable":true,"href":"https:\/\/hz.hr\/en\/wp-json\/wp\/v2\/tags?post=1885"}],"curies":[{"name":"wp","href":"https:\/\/api.w.org\/{rel}","templated":true}]}}