{"id":1875,"date":"2018-03-22T00:00:00","date_gmt":"2018-03-22T00:00:00","guid":{"rendered":"https:\/\/hz.hr\/hz-cargo-dobitnik-nagrade-na-sajmu-til-2018\/"},"modified":"2023-09-21T09:59:06","modified_gmt":"2023-09-21T07:59:06","slug":"hz-cargo-dobitnik-nagrade-na-sajmu-til-2018","status":"publish","type":"post","link":"https:\/\/hz.hr\/en\/hz-cargo-dobitnik-nagrade-na-sajmu-til-2018\/","title":{"rendered":"H\u017d Cargo dobitnik nagrade na sajmu TIL 2018"},"content":{"rendered":"<p>Dana 22. o\u017eujka odr\u017eana je u Beogradu ( u Sava centru ) 5. konferencija \u201cTransport i logistika jugoisto\u010dne Europe i dunavske regije\u201c \u2013 TIL 2018. Ista je organizirana pod pokroviteljstvom <em>Ministarstva gra\u0111evinarstva, saobra\u0107aja i infrastrukture<\/em>\u00a0Republike Srbije i u organizaciji\u00a0<em>MassMedia Internationala. <\/em><\/p>\n<p>Cilj konferencije bio je usmjeren na daljnji ekonomski rast regije kroz klju\u010dne promjene u sektoru prometa. Ovaj eminentan doga\u0111aj okupio je sve zna\u010dajne predstavnike prijevozni\u010dko-logisti\u010dkih tvrtki svih modaliteta prijevoza ( uklju\u010duju\u0107i i predstavnike H\u017d Carga i Agita ), relevantnih dr\u017eavnih institucija, strukovnih udru\u017eenja, EU-a, itd.<br \/>\nRadni program ovogodi\u0161nje konferencije bio je koncipiran u \u010detiri panel sekcije:<\/p>\n<ul>\n<li>podr\u0161ka infrastrukturnim projektima,<\/li>\n<li>grani\u010dni prijelazi \u2013 procedure i primjeri dobre i lo\u0161e prakse,<\/li>\n<li>logistika \u2013 trendovi, stanje razvoja, investicije i inovacije i<\/li>\n<li>mobilnost i multimodalnost.<\/li>\n<\/ul>\n<p>Uz plenarni, na izlo\u017ebenom dijelu konferencije zajedno su nastupili H\u017d Cargo i Agit koji su tijekom iste odr\u017eali zasebne unaprijed dogovorene B2B razgovore.<br \/>\nKonferencija je zavr\u0161ila promocijom publikacije \u201eTIL 2018\u201c i ceremonijom dodijele priznanja \u201eBRAND LEADER AWARD 2018\u201c \u010diji je dobitnik, me\u0111u ostalima i H\u017d Cargo &#8211; prepoznat kao lider u podru\u010dju odr\u017eivog \u017eeljezni\u010dkog teretnog prijevoza u ovom dijelu Europe. Nagrada je uru\u010dena direktoru Uprave H\u017e Carga, g. Gordanu \u017durgi koji je u govoru zahvale istaknuo\u00a0 da ova nagrada predstavlja rezultat rada svih zaposlenika H\u017d Carga.<\/p>\n","protected":false},"excerpt":{"rendered":"<p>Dana 22. o\u017eujka odr\u017eana je u Beogradu ( u Sava centru ) 5. konferencija \u201cTransport i logistika jugoisto\u010dne Europe i dunavske regije\u201c \u2013 TIL 2018. Ista je organizirana pod pokroviteljstvom Ministarstva gra\u0111evinarstva, saobra\u0107aja i infrastrukture\u00a0Republike Srbije i u &hellip;<\/p>\n","protected":false},"author":1,"featured_media":0,"comment_status":"open","ping_status":"open","sticky":false,"template":"","format":"standard","meta":{"footnotes":""},"categories":[4],"tags":[],"class_list":["post-1875","post","type-post","status-publish","format-standard","hentry","category-novosti"],"acf":[],"yoast_head":"<!-- This site is optimized with the Yoast SEO plugin v21.2 - https:\/\/yoast.com\/wordpress\/plugins\/seo\/ -->\n<title>H\u017d Cargo dobitnik nagrade na sajmu TIL 2018 - H\u017d Cargo<\/title>\n<meta name=\"robots\" content=\"noindex, follow, max-snippet:-1, max-image-preview:large, max-video-preview:-1\" \/>\n<meta property=\"og:locale\" content=\"en_US\" \/>\n<meta property=\"og:type\" content=\"article\" \/>\n<meta property=\"og:title\" content=\"H\u017d Cargo dobitnik nagrade na sajmu TIL 2018 - H\u017d Cargo\" \/>\n<meta property=\"og:description\" content=\"Dana 22. o\u017eujka odr\u017eana je u Beogradu ( u Sava centru ) 5. konferencija \u201cTransport i logistika jugoisto\u010dne Europe i dunavske regije\u201c \u2013 TIL 2018. Ista je organizirana pod pokroviteljstvom Ministarstva gra\u0111evinarstva, saobra\u0107aja i infrastrukture\u00a0Republike Srbije i u &hellip;\" \/>\n<meta property=\"og:url\" content=\"https:\/\/hz.hr\/hz-cargo-dobitnik-nagrade-na-sajmu-til-2018\/\" \/>\n<meta property=\"og:site_name\" content=\"H\u017d Cargo\" \/>\n<meta property=\"article:published_time\" content=\"2018-03-22T00:00:00+00:00\" \/>\n<meta property=\"article:modified_time\" content=\"2023-09-21T07:59:06+00:00\" \/>\n<meta name=\"author\" content=\"redneck\" \/>\n<meta name=\"twitter:card\" content=\"summary_large_image\" \/>\n<meta name=\"twitter:label1\" content=\"Written by\" \/>\n\t<meta name=\"twitter:data1\" content=\"redneck\" \/>\n\t<meta name=\"twitter:label2\" content=\"Est. reading time\" \/>\n\t<meta name=\"twitter:data2\" content=\"2 minutes\" \/>\n<script type=\"application\/ld+json\" class=\"yoast-schema-graph\">{\"@context\":\"https:\/\/schema.org\",\"@graph\":[{\"@type\":\"WebPage\",\"@id\":\"https:\/\/hz.hr\/hz-cargo-dobitnik-nagrade-na-sajmu-til-2018\/\",\"url\":\"https:\/\/hz.hr\/hz-cargo-dobitnik-nagrade-na-sajmu-til-2018\/\",\"name\":\"H\u017d Cargo dobitnik nagrade na sajmu TIL 2018 - H\u017d Cargo\",\"isPartOf\":{\"@id\":\"https:\/\/hz.hr\/#website\"},\"datePublished\":\"2018-03-22T00:00:00+00:00\",\"dateModified\":\"2023-09-21T07:59:06+00:00\",\"author\":{\"@id\":\"https:\/\/hz.hr\/#\/schema\/person\/e6a756daf50d739efc785c59686e6339\"},\"breadcrumb\":{\"@id\":\"https:\/\/hz.hr\/hz-cargo-dobitnik-nagrade-na-sajmu-til-2018\/#breadcrumb\"},\"inLanguage\":\"en-US\",\"potentialAction\":[{\"@type\":\"ReadAction\",\"target\":[\"https:\/\/hz.hr\/hz-cargo-dobitnik-nagrade-na-sajmu-til-2018\/\"]}]},{\"@type\":\"BreadcrumbList\",\"@id\":\"https:\/\/hz.hr\/hz-cargo-dobitnik-nagrade-na-sajmu-til-2018\/#breadcrumb\",\"itemListElement\":[{\"@type\":\"ListItem\",\"position\":1,\"name\":\"Home\",\"item\":\"https:\/\/hz.hr\/en\/\"},{\"@type\":\"ListItem\",\"position\":2,\"name\":\"H\u017d Cargo dobitnik nagrade na sajmu TIL 2018\"}]},{\"@type\":\"WebSite\",\"@id\":\"https:\/\/hz.hr\/#website\",\"url\":\"https:\/\/hz.hr\/\",\"name\":\"H\u017d Cargo\",\"description\":\"dru\u0161tvo s ograni\u010denom odgovorno\u0161\u0107u za prijevoz tereta\",\"potentialAction\":[{\"@type\":\"SearchAction\",\"target\":{\"@type\":\"EntryPoint\",\"urlTemplate\":\"https:\/\/hz.hr\/?s={search_term_string}\"},\"query-input\":\"required name=search_term_string\"}],\"inLanguage\":\"en-US\"},{\"@type\":\"Person\",\"@id\":\"https:\/\/hz.hr\/#\/schema\/person\/e6a756daf50d739efc785c59686e6339\",\"name\":\"redneck\",\"image\":{\"@type\":\"ImageObject\",\"inLanguage\":\"en-US\",\"@id\":\"https:\/\/hz.hr\/#\/schema\/person\/image\/\",\"url\":\"https:\/\/secure.gravatar.com\/avatar\/4e3d009796ae573448501f7401c9a6950eb1260ce7b38fbbcf45aa4c4a19c774?s=96&d=mm&r=g\",\"contentUrl\":\"https:\/\/secure.gravatar.com\/avatar\/4e3d009796ae573448501f7401c9a6950eb1260ce7b38fbbcf45aa4c4a19c774?s=96&d=mm&r=g\",\"caption\":\"redneck\"},\"sameAs\":[\"https:\/\/hz.hr\"],\"url\":\"https:\/\/hz.hr\/en\/author\/redneck\/\"}]}<\/script>\n<!-- \/ Yoast SEO plugin. -->","yoast_head_json":{"title":"H\u017d Cargo dobitnik nagrade na sajmu TIL 2018 - H\u017d Cargo","robots":{"index":"noindex","follow":"follow","max-snippet":"max-snippet:-1","max-image-preview":"max-image-preview:large","max-video-preview":"max-video-preview:-1"},"og_locale":"en_US","og_type":"article","og_title":"H\u017d Cargo dobitnik nagrade na sajmu TIL 2018 - H\u017d Cargo","og_description":"Dana 22. o\u017eujka odr\u017eana je u Beogradu ( u Sava centru ) 5. konferencija \u201cTransport i logistika jugoisto\u010dne Europe i dunavske regije\u201c \u2013 TIL 2018. Ista je organizirana pod pokroviteljstvom Ministarstva gra\u0111evinarstva, saobra\u0107aja i infrastrukture\u00a0Republike Srbije i u &hellip;","og_url":"https:\/\/hz.hr\/hz-cargo-dobitnik-nagrade-na-sajmu-til-2018\/","og_site_name":"H\u017d Cargo","article_published_time":"2018-03-22T00:00:00+00:00","article_modified_time":"2023-09-21T07:59:06+00:00","author":"redneck","twitter_card":"summary_large_image","twitter_misc":{"Written by":"redneck","Est. reading time":"2 minutes"},"schema":{"@context":"https:\/\/schema.org","@graph":[{"@type":"WebPage","@id":"https:\/\/hz.hr\/hz-cargo-dobitnik-nagrade-na-sajmu-til-2018\/","url":"https:\/\/hz.hr\/hz-cargo-dobitnik-nagrade-na-sajmu-til-2018\/","name":"H\u017d Cargo dobitnik nagrade na sajmu TIL 2018 - H\u017d Cargo","isPartOf":{"@id":"https:\/\/hz.hr\/#website"},"datePublished":"2018-03-22T00:00:00+00:00","dateModified":"2023-09-21T07:59:06+00:00","author":{"@id":"https:\/\/hz.hr\/#\/schema\/person\/e6a756daf50d739efc785c59686e6339"},"breadcrumb":{"@id":"https:\/\/hz.hr\/hz-cargo-dobitnik-nagrade-na-sajmu-til-2018\/#breadcrumb"},"inLanguage":"en-US","potentialAction":[{"@type":"ReadAction","target":["https:\/\/hz.hr\/hz-cargo-dobitnik-nagrade-na-sajmu-til-2018\/"]}]},{"@type":"BreadcrumbList","@id":"https:\/\/hz.hr\/hz-cargo-dobitnik-nagrade-na-sajmu-til-2018\/#breadcrumb","itemListElement":[{"@type":"ListItem","position":1,"name":"Home","item":"https:\/\/hz.hr\/en\/"},{"@type":"ListItem","position":2,"name":"H\u017d Cargo dobitnik nagrade na sajmu TIL 2018"}]},{"@type":"WebSite","@id":"https:\/\/hz.hr\/#website","url":"https:\/\/hz.hr\/","name":"H\u017d Cargo","description":"dru\u0161tvo s ograni\u010denom odgovorno\u0161\u0107u za prijevoz tereta","potentialAction":[{"@type":"SearchAction","target":{"@type":"EntryPoint","urlTemplate":"https:\/\/hz.hr\/?s={search_term_string}"},"query-input":"required name=search_term_string"}],"inLanguage":"en-US"},{"@type":"Person","@id":"https:\/\/hz.hr\/#\/schema\/person\/e6a756daf50d739efc785c59686e6339","name":"redneck","image":{"@type":"ImageObject","inLanguage":"en-US","@id":"https:\/\/hz.hr\/#\/schema\/person\/image\/","url":"https:\/\/secure.gravatar.com\/avatar\/4e3d009796ae573448501f7401c9a6950eb1260ce7b38fbbcf45aa4c4a19c774?s=96&d=mm&r=g","contentUrl":"https:\/\/secure.gravatar.com\/avatar\/4e3d009796ae573448501f7401c9a6950eb1260ce7b38fbbcf45aa4c4a19c774?s=96&d=mm&r=g","caption":"redneck"},"sameAs":["https:\/\/hz.hr"],"url":"https:\/\/hz.hr\/en\/author\/redneck\/"}]}},"_links":{"self":[{"href":"https:\/\/hz.hr\/en\/wp-json\/wp\/v2\/posts\/1875","targetHints":{"allow":["GET"]}}],"collection":[{"href":"https:\/\/hz.hr\/en\/wp-json\/wp\/v2\/posts"}],"about":[{"href":"https:\/\/hz.hr\/en\/wp-json\/wp\/v2\/types\/post"}],"author":[{"embeddable":true,"href":"https:\/\/hz.hr\/en\/wp-json\/wp\/v2\/users\/1"}],"replies":[{"embeddable":true,"href":"https:\/\/hz.hr\/en\/wp-json\/wp\/v2\/comments?post=1875"}],"version-history":[{"count":3,"href":"https:\/\/hz.hr\/en\/wp-json\/wp\/v2\/posts\/1875\/revisions"}],"predecessor-version":[{"id":3319,"href":"https:\/\/hz.hr\/en\/wp-json\/wp\/v2\/posts\/1875\/revisions\/3319"}],"wp:attachment":[{"href":"https:\/\/hz.hr\/en\/wp-json\/wp\/v2\/media?parent=1875"}],"wp:term":[{"taxonomy":"category","embeddable":true,"href":"https:\/\/hz.hr\/en\/wp-json\/wp\/v2\/categories?post=1875"},{"taxonomy":"post_tag","embeddable":true,"href":"https:\/\/hz.hr\/en\/wp-json\/wp\/v2\/tags?post=1875"}],"curies":[{"name":"wp","href":"https:\/\/api.w.org\/{rel}","templated":true}]}}