{"id":1874,"date":"2018-05-16T00:00:00","date_gmt":"2018-05-16T00:00:00","guid":{"rendered":"https:\/\/hz.hr\/hz-cargo-i-zssk-cargo-potpisali-memorandum-razumijevanja\/"},"modified":"2023-09-21T10:02:31","modified_gmt":"2023-09-21T08:02:31","slug":"hz-cargo-i-zssk-cargo-potpisali-memorandum-razumijevanja","status":"publish","type":"post","link":"https:\/\/hz.hr\/en\/hz-cargo-i-zssk-cargo-potpisali-memorandum-razumijevanja\/","title":{"rendered":"H\u017d Cargo i ZSSK Cargo potpisali Memorandum razumijevanja"},"content":{"rendered":"<p>Delegacija slova\u010dkog nacionalnog \u017eeljezni\u010dkog operatera za prijevoz tereta\u00a0 ( ZSSK Cargo ) bila je u slu\u017ebenoj posjeti Luci Rijeka, 15. svibnja u Rijeci\u00a0 i H\u017d Cargu, 16. svibnja 2018. u Zagrebu. Tako\u0111er, kao partneri podr\u0161ke ZSSK Cargu i H\u017d Cargu na sastancima su sudjelovali i predstavnici tvrtki Budamar Southa i Agita.<\/p>\n<p>S predstavnicima Luke Rijeka odr\u017ean je zajedni\u010dki sastanak. Sastanak se sastojao od dva dijela: u prvom dijelu predstavljene su prezentacije Luke Rijeka ( tema: lu\u010dki kapaciteti i perspektive ) i H\u017d Carga ( tema: predstavljanje tvrtke s fokusom na prometu izme\u0111u Slova\u010dke\/i zemalja iza Slova\u010dke \u00a0i Hrvatske preko rije\u010dkih terminala s posebnim naglaskom na luci Bakar). Slijedila je konstruktivna rasprava \u010diji je cilj bio iznala\u017eenje optimalnih rje\u0161enja za maksimalno iskori\u0161tenje lu\u010dkih kapaciteta Luke Rijeka u sinergiji s predstavnicima nacionalnih \u017eeljezni\u010dkih tvrtki i logisti\u010dkih partnera.<\/p>\n<p>Krajnji cilj je pridobivanje novih roba preusmjerenih s drugih pravaca (sjevernih luka) u luku Rijeka te porast robnih tokova izme\u0111u ju\u017ene i sjeverne Europe pro\u0161irenjem na balti\u010dko-jadranski koridor. Nakon sastanka organiziran je obilazak lu\u010dkog terminala Bakar za rasuti teret.<\/p>\n<p>Drugi dan, 16. svibnja, u domicilu H\u017d Carga u Zagrebu odr\u017ean je nastavak razgovora na temu unapre\u0111enja suradnje dva nacionalna \u017eeljezni\u010dka operatera u cilju pove\u0107anja prijevoza robe du\u017e sjeverno-ju\u017ene osi, odnosno balti\u010dko-jadranskog koridora. U tu svrhu, izme\u0111u ZSSK Carga i H\u017d Carga potpisan je Memorandum o razumijevanju ( <em>Memorandum of Understanding \u2013 MoU ),<\/em> dokument podr\u0161ke kojim se obje strane zala\u017eu za strate\u0161ko partnerstvo koje uklju\u010duje aktivno sudjelovanje na svim podru\u010dima: prodajnom, tehni\u010dko-tehnolo\u0161kom, informati\u010dkom i svim ostalim koji \u0107e doprinijeti obostranom rastu kompanija i gospodarstva op\u0107enito.<\/p>\n","protected":false},"excerpt":{"rendered":"<p>Delegacija slova\u010dkog nacionalnog \u017eeljezni\u010dkog operatera za prijevoz tereta\u00a0 ( ZSSK Cargo ) bila je u slu\u017ebenoj posjeti Luci Rijeka, 15. svibnja u Rijeci\u00a0 i H\u017d Cargu, 16. svibnja 2018. u Zagrebu. Tako\u0111er, kao partneri podr\u0161ke ZSSK Cargu i &hellip;<\/p>\n","protected":false},"author":1,"featured_media":0,"comment_status":"open","ping_status":"open","sticky":false,"template":"","format":"standard","meta":{"footnotes":""},"categories":[4],"tags":[],"class_list":["post-1874","post","type-post","status-publish","format-standard","hentry","category-novosti"],"acf":[],"yoast_head":"<!-- This site is optimized with the Yoast SEO plugin v21.2 - https:\/\/yoast.com\/wordpress\/plugins\/seo\/ -->\n<title>H\u017d Cargo i ZSSK Cargo potpisali Memorandum razumijevanja - H\u017d Cargo<\/title>\n<meta name=\"robots\" content=\"noindex, follow, max-snippet:-1, max-image-preview:large, max-video-preview:-1\" \/>\n<meta property=\"og:locale\" content=\"en_US\" \/>\n<meta property=\"og:type\" content=\"article\" \/>\n<meta property=\"og:title\" content=\"H\u017d Cargo i ZSSK Cargo potpisali Memorandum razumijevanja - H\u017d Cargo\" \/>\n<meta property=\"og:description\" content=\"Delegacija slova\u010dkog nacionalnog \u017eeljezni\u010dkog operatera za prijevoz tereta\u00a0 ( ZSSK Cargo ) bila je u slu\u017ebenoj posjeti Luci Rijeka, 15. svibnja u Rijeci\u00a0 i H\u017d Cargu, 16. svibnja 2018. u Zagrebu. Tako\u0111er, kao partneri podr\u0161ke ZSSK Cargu i &hellip;\" \/>\n<meta property=\"og:url\" content=\"https:\/\/hz.hr\/hz-cargo-i-zssk-cargo-potpisali-memorandum-razumijevanja\/\" \/>\n<meta property=\"og:site_name\" content=\"H\u017d Cargo\" \/>\n<meta property=\"article:published_time\" content=\"2018-05-16T00:00:00+00:00\" \/>\n<meta property=\"article:modified_time\" content=\"2023-09-21T08:02:31+00:00\" \/>\n<meta name=\"author\" content=\"redneck\" \/>\n<meta name=\"twitter:card\" content=\"summary_large_image\" \/>\n<meta name=\"twitter:label1\" content=\"Written by\" \/>\n\t<meta name=\"twitter:data1\" content=\"redneck\" \/>\n\t<meta name=\"twitter:label2\" content=\"Est. reading time\" \/>\n\t<meta name=\"twitter:data2\" content=\"2 minutes\" \/>\n<script type=\"application\/ld+json\" class=\"yoast-schema-graph\">{\"@context\":\"https:\/\/schema.org\",\"@graph\":[{\"@type\":\"WebPage\",\"@id\":\"https:\/\/hz.hr\/hz-cargo-i-zssk-cargo-potpisali-memorandum-razumijevanja\/\",\"url\":\"https:\/\/hz.hr\/hz-cargo-i-zssk-cargo-potpisali-memorandum-razumijevanja\/\",\"name\":\"H\u017d Cargo i ZSSK Cargo potpisali Memorandum razumijevanja - H\u017d Cargo\",\"isPartOf\":{\"@id\":\"https:\/\/hz.hr\/#website\"},\"datePublished\":\"2018-05-16T00:00:00+00:00\",\"dateModified\":\"2023-09-21T08:02:31+00:00\",\"author\":{\"@id\":\"https:\/\/hz.hr\/#\/schema\/person\/e6a756daf50d739efc785c59686e6339\"},\"breadcrumb\":{\"@id\":\"https:\/\/hz.hr\/hz-cargo-i-zssk-cargo-potpisali-memorandum-razumijevanja\/#breadcrumb\"},\"inLanguage\":\"en-US\",\"potentialAction\":[{\"@type\":\"ReadAction\",\"target\":[\"https:\/\/hz.hr\/hz-cargo-i-zssk-cargo-potpisali-memorandum-razumijevanja\/\"]}]},{\"@type\":\"BreadcrumbList\",\"@id\":\"https:\/\/hz.hr\/hz-cargo-i-zssk-cargo-potpisali-memorandum-razumijevanja\/#breadcrumb\",\"itemListElement\":[{\"@type\":\"ListItem\",\"position\":1,\"name\":\"Home\",\"item\":\"https:\/\/hz.hr\/en\/\"},{\"@type\":\"ListItem\",\"position\":2,\"name\":\"H\u017d Cargo i ZSSK Cargo potpisali Memorandum razumijevanja\"}]},{\"@type\":\"WebSite\",\"@id\":\"https:\/\/hz.hr\/#website\",\"url\":\"https:\/\/hz.hr\/\",\"name\":\"H\u017d Cargo\",\"description\":\"dru\u0161tvo s ograni\u010denom odgovorno\u0161\u0107u za prijevoz tereta\",\"potentialAction\":[{\"@type\":\"SearchAction\",\"target\":{\"@type\":\"EntryPoint\",\"urlTemplate\":\"https:\/\/hz.hr\/?s={search_term_string}\"},\"query-input\":\"required name=search_term_string\"}],\"inLanguage\":\"en-US\"},{\"@type\":\"Person\",\"@id\":\"https:\/\/hz.hr\/#\/schema\/person\/e6a756daf50d739efc785c59686e6339\",\"name\":\"redneck\",\"image\":{\"@type\":\"ImageObject\",\"inLanguage\":\"en-US\",\"@id\":\"https:\/\/hz.hr\/#\/schema\/person\/image\/\",\"url\":\"https:\/\/secure.gravatar.com\/avatar\/4e3d009796ae573448501f7401c9a6950eb1260ce7b38fbbcf45aa4c4a19c774?s=96&d=mm&r=g\",\"contentUrl\":\"https:\/\/secure.gravatar.com\/avatar\/4e3d009796ae573448501f7401c9a6950eb1260ce7b38fbbcf45aa4c4a19c774?s=96&d=mm&r=g\",\"caption\":\"redneck\"},\"sameAs\":[\"https:\/\/hz.hr\"],\"url\":\"https:\/\/hz.hr\/en\/author\/redneck\/\"}]}<\/script>\n<!-- \/ Yoast SEO plugin. -->","yoast_head_json":{"title":"H\u017d Cargo i ZSSK Cargo potpisali Memorandum razumijevanja - H\u017d Cargo","robots":{"index":"noindex","follow":"follow","max-snippet":"max-snippet:-1","max-image-preview":"max-image-preview:large","max-video-preview":"max-video-preview:-1"},"og_locale":"en_US","og_type":"article","og_title":"H\u017d Cargo i ZSSK Cargo potpisali Memorandum razumijevanja - H\u017d Cargo","og_description":"Delegacija slova\u010dkog nacionalnog \u017eeljezni\u010dkog operatera za prijevoz tereta\u00a0 ( ZSSK Cargo ) bila je u slu\u017ebenoj posjeti Luci Rijeka, 15. svibnja u Rijeci\u00a0 i H\u017d Cargu, 16. svibnja 2018. u Zagrebu. Tako\u0111er, kao partneri podr\u0161ke ZSSK Cargu i &hellip;","og_url":"https:\/\/hz.hr\/hz-cargo-i-zssk-cargo-potpisali-memorandum-razumijevanja\/","og_site_name":"H\u017d Cargo","article_published_time":"2018-05-16T00:00:00+00:00","article_modified_time":"2023-09-21T08:02:31+00:00","author":"redneck","twitter_card":"summary_large_image","twitter_misc":{"Written by":"redneck","Est. reading time":"2 minutes"},"schema":{"@context":"https:\/\/schema.org","@graph":[{"@type":"WebPage","@id":"https:\/\/hz.hr\/hz-cargo-i-zssk-cargo-potpisali-memorandum-razumijevanja\/","url":"https:\/\/hz.hr\/hz-cargo-i-zssk-cargo-potpisali-memorandum-razumijevanja\/","name":"H\u017d Cargo i ZSSK Cargo potpisali Memorandum razumijevanja - H\u017d Cargo","isPartOf":{"@id":"https:\/\/hz.hr\/#website"},"datePublished":"2018-05-16T00:00:00+00:00","dateModified":"2023-09-21T08:02:31+00:00","author":{"@id":"https:\/\/hz.hr\/#\/schema\/person\/e6a756daf50d739efc785c59686e6339"},"breadcrumb":{"@id":"https:\/\/hz.hr\/hz-cargo-i-zssk-cargo-potpisali-memorandum-razumijevanja\/#breadcrumb"},"inLanguage":"en-US","potentialAction":[{"@type":"ReadAction","target":["https:\/\/hz.hr\/hz-cargo-i-zssk-cargo-potpisali-memorandum-razumijevanja\/"]}]},{"@type":"BreadcrumbList","@id":"https:\/\/hz.hr\/hz-cargo-i-zssk-cargo-potpisali-memorandum-razumijevanja\/#breadcrumb","itemListElement":[{"@type":"ListItem","position":1,"name":"Home","item":"https:\/\/hz.hr\/en\/"},{"@type":"ListItem","position":2,"name":"H\u017d Cargo i ZSSK Cargo potpisali Memorandum razumijevanja"}]},{"@type":"WebSite","@id":"https:\/\/hz.hr\/#website","url":"https:\/\/hz.hr\/","name":"H\u017d Cargo","description":"dru\u0161tvo s ograni\u010denom odgovorno\u0161\u0107u za prijevoz tereta","potentialAction":[{"@type":"SearchAction","target":{"@type":"EntryPoint","urlTemplate":"https:\/\/hz.hr\/?s={search_term_string}"},"query-input":"required name=search_term_string"}],"inLanguage":"en-US"},{"@type":"Person","@id":"https:\/\/hz.hr\/#\/schema\/person\/e6a756daf50d739efc785c59686e6339","name":"redneck","image":{"@type":"ImageObject","inLanguage":"en-US","@id":"https:\/\/hz.hr\/#\/schema\/person\/image\/","url":"https:\/\/secure.gravatar.com\/avatar\/4e3d009796ae573448501f7401c9a6950eb1260ce7b38fbbcf45aa4c4a19c774?s=96&d=mm&r=g","contentUrl":"https:\/\/secure.gravatar.com\/avatar\/4e3d009796ae573448501f7401c9a6950eb1260ce7b38fbbcf45aa4c4a19c774?s=96&d=mm&r=g","caption":"redneck"},"sameAs":["https:\/\/hz.hr"],"url":"https:\/\/hz.hr\/en\/author\/redneck\/"}]}},"_links":{"self":[{"href":"https:\/\/hz.hr\/en\/wp-json\/wp\/v2\/posts\/1874","targetHints":{"allow":["GET"]}}],"collection":[{"href":"https:\/\/hz.hr\/en\/wp-json\/wp\/v2\/posts"}],"about":[{"href":"https:\/\/hz.hr\/en\/wp-json\/wp\/v2\/types\/post"}],"author":[{"embeddable":true,"href":"https:\/\/hz.hr\/en\/wp-json\/wp\/v2\/users\/1"}],"replies":[{"embeddable":true,"href":"https:\/\/hz.hr\/en\/wp-json\/wp\/v2\/comments?post=1874"}],"version-history":[{"count":3,"href":"https:\/\/hz.hr\/en\/wp-json\/wp\/v2\/posts\/1874\/revisions"}],"predecessor-version":[{"id":3321,"href":"https:\/\/hz.hr\/en\/wp-json\/wp\/v2\/posts\/1874\/revisions\/3321"}],"wp:attachment":[{"href":"https:\/\/hz.hr\/en\/wp-json\/wp\/v2\/media?parent=1874"}],"wp:term":[{"taxonomy":"category","embeddable":true,"href":"https:\/\/hz.hr\/en\/wp-json\/wp\/v2\/categories?post=1874"},{"taxonomy":"post_tag","embeddable":true,"href":"https:\/\/hz.hr\/en\/wp-json\/wp\/v2\/tags?post=1874"}],"curies":[{"name":"wp","href":"https:\/\/api.w.org\/{rel}","templated":true}]}}