{"id":1873,"date":"2022-05-31T00:00:00","date_gmt":"2022-05-31T00:00:00","guid":{"rendered":"https:\/\/hz.hr\/hz-cargo-i-koncar-kev-sklopili-ugovor-za-obnovu-lokomotiva\/"},"modified":"2023-08-21T11:53:20","modified_gmt":"2023-08-21T11:53:20","slug":"hz-cargo-i-koncar-kev-sklopili-ugovor-za-obnovu-lokomotiva","status":"publish","type":"post","link":"https:\/\/hz.hr\/en\/hz-cargo-i-koncar-kev-sklopili-ugovor-za-obnovu-lokomotiva\/","title":{"rendered":"H\u017d Cargo i Kon\u010dar-KEV sklopili ugovor za obnovu lokomotiva"},"content":{"rendered":"<p>H\u017d Cargo i Kon\u010dar-KEV sklopili ugovor za obnovu lokomotiva, produljuju im rok trajanja za jo&scaron; 14&nbsp;godina.<\/p>\n<p>Osim tehni\u010dkog unapre\u0111enja, posebna pa\u017enja bit \u0107e posve\u0107ena uvjetima rada strojnog osoblja s obzirom na sigurnost i udobnost vo\u017enje.<\/p>\n<p><a href=\"https:\/\/www.poslovni.hr\/hrvatska\/hz-cargo-i-koncar-kev-sklopili-ugovor-za-obnovu-lokomotiva-produljuju-im-rok-trajanja-za-jos-14-godina-4339414\">H\u017d Cargo-i-Kon\u010dar-KEV-sklopili-ugovor-za-obnovu-lokomotiva<\/a><\/p>\n","protected":false},"excerpt":{"rendered":"<p>H\u017d Cargo i Kon\u010dar-KEV sklopili ugovor za obnovu lokomotiva, produljuju im rok trajanja za jo&scaron; 14&nbsp;godina. Osim tehni\u010dkog unapre\u0111enja, posebna pa\u017enja bit \u0107e posve\u0107ena uvjetima rada strojnog osoblja s obzirom na sigurnost i udobnost vo\u017enje. H\u017d Cargo-i-Kon\u010dar-KEV-sklopili-ugovor-za-obnovu-lokomotiva<\/p>\n","protected":false},"author":1,"featured_media":0,"comment_status":"open","ping_status":"open","sticky":false,"template":"","format":"standard","meta":{"footnotes":""},"categories":[4],"tags":[],"class_list":["post-1873","post","type-post","status-publish","format-standard","hentry","category-novosti"],"acf":[],"yoast_head":"<!-- This site is optimized with the Yoast SEO plugin v21.2 - https:\/\/yoast.com\/wordpress\/plugins\/seo\/ -->\n<title>H\u017d Cargo i Kon\u010dar-KEV sklopili ugovor za obnovu lokomotiva - H\u017d Cargo<\/title>\n<meta name=\"robots\" content=\"noindex, follow, max-snippet:-1, max-image-preview:large, max-video-preview:-1\" \/>\n<meta property=\"og:locale\" content=\"en_US\" \/>\n<meta property=\"og:type\" content=\"article\" \/>\n<meta property=\"og:title\" content=\"H\u017d Cargo i Kon\u010dar-KEV sklopili ugovor za obnovu lokomotiva - H\u017d Cargo\" \/>\n<meta property=\"og:description\" content=\"H\u017d Cargo i Kon\u010dar-KEV sklopili ugovor za obnovu lokomotiva, produljuju im rok trajanja za jo&scaron; 14&nbsp;godina. Osim tehni\u010dkog unapre\u0111enja, posebna pa\u017enja bit \u0107e posve\u0107ena uvjetima rada strojnog osoblja s obzirom na sigurnost i udobnost vo\u017enje. H\u017d Cargo-i-Kon\u010dar-KEV-sklopili-ugovor-za-obnovu-lokomotiva\" \/>\n<meta property=\"og:url\" content=\"https:\/\/hz.hr\/hz-cargo-i-koncar-kev-sklopili-ugovor-za-obnovu-lokomotiva\/\" \/>\n<meta property=\"og:site_name\" content=\"H\u017d Cargo\" \/>\n<meta property=\"article:published_time\" content=\"2022-05-31T00:00:00+00:00\" \/>\n<meta property=\"article:modified_time\" content=\"2023-08-21T11:53:20+00:00\" \/>\n<meta name=\"author\" content=\"redneck\" \/>\n<meta name=\"twitter:card\" content=\"summary_large_image\" \/>\n<meta name=\"twitter:label1\" content=\"Written by\" \/>\n\t<meta name=\"twitter:data1\" content=\"redneck\" \/>\n<script type=\"application\/ld+json\" class=\"yoast-schema-graph\">{\"@context\":\"https:\/\/schema.org\",\"@graph\":[{\"@type\":\"WebPage\",\"@id\":\"https:\/\/hz.hr\/hz-cargo-i-koncar-kev-sklopili-ugovor-za-obnovu-lokomotiva\/\",\"url\":\"https:\/\/hz.hr\/hz-cargo-i-koncar-kev-sklopili-ugovor-za-obnovu-lokomotiva\/\",\"name\":\"H\u017d Cargo i Kon\u010dar-KEV sklopili ugovor za obnovu lokomotiva - H\u017d Cargo\",\"isPartOf\":{\"@id\":\"https:\/\/hz.hr\/#website\"},\"datePublished\":\"2022-05-31T00:00:00+00:00\",\"dateModified\":\"2023-08-21T11:53:20+00:00\",\"author\":{\"@id\":\"https:\/\/hz.hr\/#\/schema\/person\/e6a756daf50d739efc785c59686e6339\"},\"breadcrumb\":{\"@id\":\"https:\/\/hz.hr\/hz-cargo-i-koncar-kev-sklopili-ugovor-za-obnovu-lokomotiva\/#breadcrumb\"},\"inLanguage\":\"en-US\",\"potentialAction\":[{\"@type\":\"ReadAction\",\"target\":[\"https:\/\/hz.hr\/hz-cargo-i-koncar-kev-sklopili-ugovor-za-obnovu-lokomotiva\/\"]}]},{\"@type\":\"BreadcrumbList\",\"@id\":\"https:\/\/hz.hr\/hz-cargo-i-koncar-kev-sklopili-ugovor-za-obnovu-lokomotiva\/#breadcrumb\",\"itemListElement\":[{\"@type\":\"ListItem\",\"position\":1,\"name\":\"Home\",\"item\":\"https:\/\/hz.hr\/en\/\"},{\"@type\":\"ListItem\",\"position\":2,\"name\":\"H\u017d Cargo i Kon\u010dar-KEV sklopili ugovor za obnovu lokomotiva\"}]},{\"@type\":\"WebSite\",\"@id\":\"https:\/\/hz.hr\/#website\",\"url\":\"https:\/\/hz.hr\/\",\"name\":\"H\u017d Cargo\",\"description\":\"dru\u0161tvo s ograni\u010denom odgovorno\u0161\u0107u za prijevoz tereta\",\"potentialAction\":[{\"@type\":\"SearchAction\",\"target\":{\"@type\":\"EntryPoint\",\"urlTemplate\":\"https:\/\/hz.hr\/?s={search_term_string}\"},\"query-input\":\"required name=search_term_string\"}],\"inLanguage\":\"en-US\"},{\"@type\":\"Person\",\"@id\":\"https:\/\/hz.hr\/#\/schema\/person\/e6a756daf50d739efc785c59686e6339\",\"name\":\"redneck\",\"image\":{\"@type\":\"ImageObject\",\"inLanguage\":\"en-US\",\"@id\":\"https:\/\/hz.hr\/#\/schema\/person\/image\/\",\"url\":\"https:\/\/secure.gravatar.com\/avatar\/4e3d009796ae573448501f7401c9a6950eb1260ce7b38fbbcf45aa4c4a19c774?s=96&d=mm&r=g\",\"contentUrl\":\"https:\/\/secure.gravatar.com\/avatar\/4e3d009796ae573448501f7401c9a6950eb1260ce7b38fbbcf45aa4c4a19c774?s=96&d=mm&r=g\",\"caption\":\"redneck\"},\"sameAs\":[\"https:\/\/hz.hr\"],\"url\":\"https:\/\/hz.hr\/en\/author\/redneck\/\"}]}<\/script>\n<!-- \/ Yoast SEO plugin. -->","yoast_head_json":{"title":"H\u017d Cargo i Kon\u010dar-KEV sklopili ugovor za obnovu lokomotiva - H\u017d Cargo","robots":{"index":"noindex","follow":"follow","max-snippet":"max-snippet:-1","max-image-preview":"max-image-preview:large","max-video-preview":"max-video-preview:-1"},"og_locale":"en_US","og_type":"article","og_title":"H\u017d Cargo i Kon\u010dar-KEV sklopili ugovor za obnovu lokomotiva - H\u017d Cargo","og_description":"H\u017d Cargo i Kon\u010dar-KEV sklopili ugovor za obnovu lokomotiva, produljuju im rok trajanja za jo&scaron; 14&nbsp;godina. Osim tehni\u010dkog unapre\u0111enja, posebna pa\u017enja bit \u0107e posve\u0107ena uvjetima rada strojnog osoblja s obzirom na sigurnost i udobnost vo\u017enje. H\u017d Cargo-i-Kon\u010dar-KEV-sklopili-ugovor-za-obnovu-lokomotiva","og_url":"https:\/\/hz.hr\/hz-cargo-i-koncar-kev-sklopili-ugovor-za-obnovu-lokomotiva\/","og_site_name":"H\u017d Cargo","article_published_time":"2022-05-31T00:00:00+00:00","article_modified_time":"2023-08-21T11:53:20+00:00","author":"redneck","twitter_card":"summary_large_image","twitter_misc":{"Written by":"redneck"},"schema":{"@context":"https:\/\/schema.org","@graph":[{"@type":"WebPage","@id":"https:\/\/hz.hr\/hz-cargo-i-koncar-kev-sklopili-ugovor-za-obnovu-lokomotiva\/","url":"https:\/\/hz.hr\/hz-cargo-i-koncar-kev-sklopili-ugovor-za-obnovu-lokomotiva\/","name":"H\u017d Cargo i Kon\u010dar-KEV sklopili ugovor za obnovu lokomotiva - H\u017d Cargo","isPartOf":{"@id":"https:\/\/hz.hr\/#website"},"datePublished":"2022-05-31T00:00:00+00:00","dateModified":"2023-08-21T11:53:20+00:00","author":{"@id":"https:\/\/hz.hr\/#\/schema\/person\/e6a756daf50d739efc785c59686e6339"},"breadcrumb":{"@id":"https:\/\/hz.hr\/hz-cargo-i-koncar-kev-sklopili-ugovor-za-obnovu-lokomotiva\/#breadcrumb"},"inLanguage":"en-US","potentialAction":[{"@type":"ReadAction","target":["https:\/\/hz.hr\/hz-cargo-i-koncar-kev-sklopili-ugovor-za-obnovu-lokomotiva\/"]}]},{"@type":"BreadcrumbList","@id":"https:\/\/hz.hr\/hz-cargo-i-koncar-kev-sklopili-ugovor-za-obnovu-lokomotiva\/#breadcrumb","itemListElement":[{"@type":"ListItem","position":1,"name":"Home","item":"https:\/\/hz.hr\/en\/"},{"@type":"ListItem","position":2,"name":"H\u017d Cargo i Kon\u010dar-KEV sklopili ugovor za obnovu lokomotiva"}]},{"@type":"WebSite","@id":"https:\/\/hz.hr\/#website","url":"https:\/\/hz.hr\/","name":"H\u017d Cargo","description":"dru\u0161tvo s ograni\u010denom odgovorno\u0161\u0107u za prijevoz tereta","potentialAction":[{"@type":"SearchAction","target":{"@type":"EntryPoint","urlTemplate":"https:\/\/hz.hr\/?s={search_term_string}"},"query-input":"required name=search_term_string"}],"inLanguage":"en-US"},{"@type":"Person","@id":"https:\/\/hz.hr\/#\/schema\/person\/e6a756daf50d739efc785c59686e6339","name":"redneck","image":{"@type":"ImageObject","inLanguage":"en-US","@id":"https:\/\/hz.hr\/#\/schema\/person\/image\/","url":"https:\/\/secure.gravatar.com\/avatar\/4e3d009796ae573448501f7401c9a6950eb1260ce7b38fbbcf45aa4c4a19c774?s=96&d=mm&r=g","contentUrl":"https:\/\/secure.gravatar.com\/avatar\/4e3d009796ae573448501f7401c9a6950eb1260ce7b38fbbcf45aa4c4a19c774?s=96&d=mm&r=g","caption":"redneck"},"sameAs":["https:\/\/hz.hr"],"url":"https:\/\/hz.hr\/en\/author\/redneck\/"}]}},"_links":{"self":[{"href":"https:\/\/hz.hr\/en\/wp-json\/wp\/v2\/posts\/1873","targetHints":{"allow":["GET"]}}],"collection":[{"href":"https:\/\/hz.hr\/en\/wp-json\/wp\/v2\/posts"}],"about":[{"href":"https:\/\/hz.hr\/en\/wp-json\/wp\/v2\/types\/post"}],"author":[{"embeddable":true,"href":"https:\/\/hz.hr\/en\/wp-json\/wp\/v2\/users\/1"}],"replies":[{"embeddable":true,"href":"https:\/\/hz.hr\/en\/wp-json\/wp\/v2\/comments?post=1873"}],"version-history":[{"count":1,"href":"https:\/\/hz.hr\/en\/wp-json\/wp\/v2\/posts\/1873\/revisions"}],"predecessor-version":[{"id":1894,"href":"https:\/\/hz.hr\/en\/wp-json\/wp\/v2\/posts\/1873\/revisions\/1894"}],"wp:attachment":[{"href":"https:\/\/hz.hr\/en\/wp-json\/wp\/v2\/media?parent=1873"}],"wp:term":[{"taxonomy":"category","embeddable":true,"href":"https:\/\/hz.hr\/en\/wp-json\/wp\/v2\/categories?post=1873"},{"taxonomy":"post_tag","embeddable":true,"href":"https:\/\/hz.hr\/en\/wp-json\/wp\/v2\/tags?post=1873"}],"curies":[{"name":"wp","href":"https:\/\/api.w.org\/{rel}","templated":true}]}}