{"id":1872,"date":"2018-02-06T00:00:00","date_gmt":"2018-02-06T00:00:00","guid":{"rendered":"https:\/\/hz.hr\/sastanak-direktora-zeljeznickih-teretnih-operatera-iz-regije\/"},"modified":"2023-09-21T08:35:04","modified_gmt":"2023-09-21T06:35:04","slug":"sastanak-direktora-zeljeznickih-teretnih-operatera-iz-regije","status":"publish","type":"post","link":"https:\/\/hz.hr\/en\/sastanak-direktora-zeljeznickih-teretnih-operatera-iz-regije\/","title":{"rendered":"Sastanak direktora \u017eeljezni\u010dkih teretnih operatera iz regije"},"content":{"rendered":"<p>U utorak, 6. velja\u010de 2018. u Portoro\u017eu, odr\u017ean je sastanak direktora \u017eeljezni\u010dkih teretnih operatera iz regije, S\u017d &#8211; Tovorni promet d.o.o., H\u017d Cargo d.o.o., Akcionarsko dru\u0161tvo za \u017delezni\u010dki prevoz robe Srbija Kargo, Beograd, \u017deljeznice Republike Srpske a.d., Makedonski \u017deleznici Transport a.d., Skopje, Makedonija i AD Montecargo.<\/p>\n<p>Glavna svrha regionalnog sastanka visoke razine jest pobolj\u0161ati suradnju izme\u0111u poduze\u0107a s ciljem da se poslovnim partnerima osigura bolja kvaliteta usluge te uvo\u0111enje novog projekta Sava Express.<br \/>\nTo je veliki korak prema pobolj\u0161anju regionalne suradnje izme\u0111u \u017eeljezni\u010dkih teretnih operatera. Na sastanku se razgovaralo o zajedni\u010dkoj suradnji u prijevozu robe na podru\u010dju nekada\u0161njeg\u00a0 X koridora, odnosno planiranog Alpsko-Zapadnobalkanskog koridora, kao i o zajedni\u010dkim mjerama za pru\u017eanjem najkvalitetnijih logisti\u010dkih usluga. Sudionici su se slo\u017eili da se u planirani koridor tako\u0111er uklju\u010de ogranci u Bosni i Hercegovini, Crnoj Gori i Makedoniji.<br \/>\n\u017deljezni\u010dki teretni operateri dijele zajedni\u010dke razvojne vrijednosti kao i svijest o zna\u010daju suradnje radi postizanja poslovnih uspjeha. Cilj je pobolj\u0161ati me\u0111usobnu suradnju, pove\u0107ati obujam prijevoza robe \u017eeljeznicom na klju\u010dnim koridorima, kao i\u00a0 ekonomsku i socijalnu koheziju, pobolj\u0161ati kvalitetu usluge kako za postoje\u0107e tako i za\u00a0 nove klijente te oblikovati nove, ka klijentima usmjerene, proizvode.<br \/>\nTom prilikom prijevoznici su istaknuli kako je potrebno informirati vlade svojih dr\u017eava koje bi eventualno preispitale mogu\u0107nost uvo\u0111enja odgovaraju\u0107ih financijskih i drugih mjera, u skladu s fondovima EU-a, kroz koje bi \u017eeljezni\u010dki prijevoznici mogli ostvariti ravnopravan ekonomski polo\u017eaj u odnosu na prijevoznike roba drugih vidova prijevoza kao i u odnosu na \u017eeljezni\u010dke prijevoznike u drugim europskim dr\u017eavama.Goran Zeba, direktor tehnologije H\u017d Carga d.o.o., pozdravlja zajedni\u010dku inicijativu koja za cilj ima razvoj i optimizaciju \u017eeljezni\u010dkog prijevoza na nekada\u0161njem desetom koridoru. Istaknuo je da \u0107e novi projekt Sava Express imati pozitivne u\u010dinke kroz sinergiju svih potpisnika. Naglasio je da se s kvalitetnim zajedni\u010dkim projektima mo\u017ee podi\u0107i kvaliteta usluge i tako pridobiti robne tokove s drugih koridora na nekada\u0161nji deseti koridor. Sve to \u0107e doprinijeti i razvoju luka koje gravitiraju nekada\u0161njem desetom koridoru.Direktorica S\u017d &#8211; Tovorni promet d.o.o. mag. Melita Rozman Dacar je kao doma\u0107in regionalnog sastanka visoke razine, istaknula: &#8220;\u017deljezni\u010dki prijevoznici vide veliku mogu\u0107nost za rast i razvoj. Zajedno \u0107emo te\u017eiti pove\u0107anju kvalitete za na\u0161e klijente kao i da na \u017eeljeznicu ponovo pridobijemo robne tokove koji se trenutno prevoze cestom. Na\u0161 je cilj ponovno vratiti tokove robe na \u017eeljeznicu i ponuditi novu kvalitetu usluga kupcima iz Slovenije i u tranzitu preko Slovenije.Generalni direktor Srbija Kargo Du\u0161an Garibovi\u0107 predstavio je poslovanje i razvojne planove poduze\u0107a i naglasio da je Srbija Kargo spreman za pobolj\u0161anje suradnje s drugim nacionalnim prijevoznicima u regiji, bez \u010dega \u0107e rast obujma prijevoza robe \u017eeljeznicom biti ote\u017ean. Istaknuo je da \u0107e novi vlak Sava Express biti zna\u010dajan korak ka pobolj\u0161anju usluga \u017eeljeznica u regiji i zala\u017ee se za \u0161irenje novog proizvoda, tako\u0111er i u Bugarsku, Makedoniju, Gr\u010dku i druge dr\u017eave iz regije.<\/p>\n<p>Sa zajedni\u010dkim ciljevima, danas postavljenim, i da \u0107e dalji razvoj uspje\u0161nih \u017eeljezni\u010dkih prijevoznika u regiji zavisiti od me\u0111usobne suradnje, potvrdili su i direktori \u017deljeznice Republike Srpske a.d., Makedonski \u017deleznici Transport a.d., Skopje, Makedonija, i AD Montecargo.<br \/>\nIsto tako vjeruju da \u0107e se u narednom periodu transportne rute kroz njihove dr\u017eave u bliskoj budu\u0107nosti na\u0107i u sastavu TEN-T mre\u017ee.<\/p>\n<p><strong>Potpisan memorandum o sur<\/strong><strong>adnji<\/strong><\/p>\n<p>Direktori \u017eeljezni\u010dkih teretnih operatera S\u017d &#8211; Tovorni promet d.o.o., H\u017d Cargo d.o.o., Akcionarsko dru\u0161tvo za \u017delezni\u010dki prevoz robe Srbija Kargo, Beograd, \u017deljeznice Republike Srpske a.d., Makedonski \u017deleznici Transport a.d., Makedonija, Skopje, JP \u017dFBIH d.o.o. Sarajevo i AD Montecargo su u srijedu, 7. velja\u010de, sve\u010dano potpisali memorandum o suradnji. Memorandumom je dogovoreno da \u0107e zajedno stremiti razvoju novih kvalitetnih usluga za svoje kupce, \u0161to \u0107e se pozitivno odraziti kako na razvoj regije, tako i na preusmjeravanje robnih tokova s ceste na \u017eeljeznicu.<br \/>\n<strong>Potvrda novog zajedni\u010dkog projekta \u2013 Sava Express<\/strong><\/p>\n<p>Direktori regionalnih prijevoznika dogovorili su da \u0107e sura\u0111ivati na novom projektu Sava Express.\u00a0 \u017deljezni\u010dki promet na nekada\u0161njem desetom koridoru je nakon 1990. godine pao za 92%, zato je potencijal za pove\u0107anje prijevoza robe \u017eeljeznicom vrlo velik. Novim direktnim teretnim vlakom dr\u017eave Europske unije bit \u0107e bolje povezane s drugim dr\u017eavama regije.<br \/>\nNovi vlak \u0107e od 1. o\u017eujka 2018. ponuditi pouzdane redovne veze, kra\u0107e tranzitno vrijeme i kvalitetniju uslugu.<\/p>\n","protected":false},"excerpt":{"rendered":"<p>U utorak, 6. velja\u010de 2018. u Portoro\u017eu, odr\u017ean je sastanak direktora \u017eeljezni\u010dkih teretnih operatera iz regije, S\u017d &#8211; Tovorni promet d.o.o., H\u017d Cargo d.o.o., Akcionarsko dru\u0161tvo za \u017delezni\u010dki prevoz robe Srbija Kargo, Beograd, \u017deljeznice Republike Srpske a.d., Makedonski &hellip;<\/p>\n","protected":false},"author":1,"featured_media":0,"comment_status":"open","ping_status":"open","sticky":false,"template":"","format":"standard","meta":{"footnotes":""},"categories":[4],"tags":[],"class_list":["post-1872","post","type-post","status-publish","format-standard","hentry","category-novosti"],"acf":[],"yoast_head":"<!-- This site is optimized with the Yoast SEO plugin v21.2 - https:\/\/yoast.com\/wordpress\/plugins\/seo\/ -->\n<title>Sastanak direktora \u017eeljezni\u010dkih teretnih operatera iz regije - H\u017d Cargo<\/title>\n<meta name=\"robots\" content=\"noindex, follow, max-snippet:-1, max-image-preview:large, max-video-preview:-1\" \/>\n<meta property=\"og:locale\" content=\"en_US\" \/>\n<meta property=\"og:type\" content=\"article\" \/>\n<meta property=\"og:title\" content=\"Sastanak direktora \u017eeljezni\u010dkih teretnih operatera iz regije - H\u017d Cargo\" \/>\n<meta property=\"og:description\" content=\"U utorak, 6. velja\u010de 2018. u Portoro\u017eu, odr\u017ean je sastanak direktora \u017eeljezni\u010dkih teretnih operatera iz regije, S\u017d &#8211; Tovorni promet d.o.o., H\u017d Cargo d.o.o., Akcionarsko dru\u0161tvo za \u017delezni\u010dki prevoz robe Srbija Kargo, Beograd, \u017deljeznice Republike Srpske a.d., Makedonski &hellip;\" \/>\n<meta property=\"og:url\" content=\"https:\/\/hz.hr\/sastanak-direktora-zeljeznickih-teretnih-operatera-iz-regije\/\" \/>\n<meta property=\"og:site_name\" content=\"H\u017d Cargo\" \/>\n<meta property=\"article:published_time\" content=\"2018-02-06T00:00:00+00:00\" \/>\n<meta property=\"article:modified_time\" content=\"2023-09-21T06:35:04+00:00\" \/>\n<meta name=\"author\" content=\"redneck\" \/>\n<meta name=\"twitter:card\" content=\"summary_large_image\" \/>\n<meta name=\"twitter:label1\" content=\"Written by\" \/>\n\t<meta name=\"twitter:data1\" content=\"redneck\" \/>\n\t<meta name=\"twitter:label2\" content=\"Est. reading time\" \/>\n\t<meta name=\"twitter:data2\" content=\"4 minutes\" \/>\n<script type=\"application\/ld+json\" class=\"yoast-schema-graph\">{\"@context\":\"https:\/\/schema.org\",\"@graph\":[{\"@type\":\"WebPage\",\"@id\":\"https:\/\/hz.hr\/sastanak-direktora-zeljeznickih-teretnih-operatera-iz-regije\/\",\"url\":\"https:\/\/hz.hr\/sastanak-direktora-zeljeznickih-teretnih-operatera-iz-regije\/\",\"name\":\"Sastanak direktora \u017eeljezni\u010dkih teretnih operatera iz regije - H\u017d Cargo\",\"isPartOf\":{\"@id\":\"https:\/\/hz.hr\/#website\"},\"datePublished\":\"2018-02-06T00:00:00+00:00\",\"dateModified\":\"2023-09-21T06:35:04+00:00\",\"author\":{\"@id\":\"https:\/\/hz.hr\/#\/schema\/person\/e6a756daf50d739efc785c59686e6339\"},\"breadcrumb\":{\"@id\":\"https:\/\/hz.hr\/sastanak-direktora-zeljeznickih-teretnih-operatera-iz-regije\/#breadcrumb\"},\"inLanguage\":\"en-US\",\"potentialAction\":[{\"@type\":\"ReadAction\",\"target\":[\"https:\/\/hz.hr\/sastanak-direktora-zeljeznickih-teretnih-operatera-iz-regije\/\"]}]},{\"@type\":\"BreadcrumbList\",\"@id\":\"https:\/\/hz.hr\/sastanak-direktora-zeljeznickih-teretnih-operatera-iz-regije\/#breadcrumb\",\"itemListElement\":[{\"@type\":\"ListItem\",\"position\":1,\"name\":\"Home\",\"item\":\"https:\/\/hz.hr\/en\/\"},{\"@type\":\"ListItem\",\"position\":2,\"name\":\"Sastanak direktora \u017eeljezni\u010dkih teretnih operatera iz regije\"}]},{\"@type\":\"WebSite\",\"@id\":\"https:\/\/hz.hr\/#website\",\"url\":\"https:\/\/hz.hr\/\",\"name\":\"H\u017d Cargo\",\"description\":\"dru\u0161tvo s ograni\u010denom odgovorno\u0161\u0107u za prijevoz tereta\",\"potentialAction\":[{\"@type\":\"SearchAction\",\"target\":{\"@type\":\"EntryPoint\",\"urlTemplate\":\"https:\/\/hz.hr\/?s={search_term_string}\"},\"query-input\":\"required name=search_term_string\"}],\"inLanguage\":\"en-US\"},{\"@type\":\"Person\",\"@id\":\"https:\/\/hz.hr\/#\/schema\/person\/e6a756daf50d739efc785c59686e6339\",\"name\":\"redneck\",\"image\":{\"@type\":\"ImageObject\",\"inLanguage\":\"en-US\",\"@id\":\"https:\/\/hz.hr\/#\/schema\/person\/image\/\",\"url\":\"https:\/\/secure.gravatar.com\/avatar\/4e3d009796ae573448501f7401c9a6950eb1260ce7b38fbbcf45aa4c4a19c774?s=96&d=mm&r=g\",\"contentUrl\":\"https:\/\/secure.gravatar.com\/avatar\/4e3d009796ae573448501f7401c9a6950eb1260ce7b38fbbcf45aa4c4a19c774?s=96&d=mm&r=g\",\"caption\":\"redneck\"},\"sameAs\":[\"https:\/\/hz.hr\"],\"url\":\"https:\/\/hz.hr\/en\/author\/redneck\/\"}]}<\/script>\n<!-- \/ Yoast SEO plugin. -->","yoast_head_json":{"title":"Sastanak direktora \u017eeljezni\u010dkih teretnih operatera iz regije - H\u017d Cargo","robots":{"index":"noindex","follow":"follow","max-snippet":"max-snippet:-1","max-image-preview":"max-image-preview:large","max-video-preview":"max-video-preview:-1"},"og_locale":"en_US","og_type":"article","og_title":"Sastanak direktora \u017eeljezni\u010dkih teretnih operatera iz regije - H\u017d Cargo","og_description":"U utorak, 6. velja\u010de 2018. u Portoro\u017eu, odr\u017ean je sastanak direktora \u017eeljezni\u010dkih teretnih operatera iz regije, S\u017d &#8211; Tovorni promet d.o.o., H\u017d Cargo d.o.o., Akcionarsko dru\u0161tvo za \u017delezni\u010dki prevoz robe Srbija Kargo, Beograd, \u017deljeznice Republike Srpske a.d., Makedonski &hellip;","og_url":"https:\/\/hz.hr\/sastanak-direktora-zeljeznickih-teretnih-operatera-iz-regije\/","og_site_name":"H\u017d Cargo","article_published_time":"2018-02-06T00:00:00+00:00","article_modified_time":"2023-09-21T06:35:04+00:00","author":"redneck","twitter_card":"summary_large_image","twitter_misc":{"Written by":"redneck","Est. reading time":"4 minutes"},"schema":{"@context":"https:\/\/schema.org","@graph":[{"@type":"WebPage","@id":"https:\/\/hz.hr\/sastanak-direktora-zeljeznickih-teretnih-operatera-iz-regije\/","url":"https:\/\/hz.hr\/sastanak-direktora-zeljeznickih-teretnih-operatera-iz-regije\/","name":"Sastanak direktora \u017eeljezni\u010dkih teretnih operatera iz regije - H\u017d Cargo","isPartOf":{"@id":"https:\/\/hz.hr\/#website"},"datePublished":"2018-02-06T00:00:00+00:00","dateModified":"2023-09-21T06:35:04+00:00","author":{"@id":"https:\/\/hz.hr\/#\/schema\/person\/e6a756daf50d739efc785c59686e6339"},"breadcrumb":{"@id":"https:\/\/hz.hr\/sastanak-direktora-zeljeznickih-teretnih-operatera-iz-regije\/#breadcrumb"},"inLanguage":"en-US","potentialAction":[{"@type":"ReadAction","target":["https:\/\/hz.hr\/sastanak-direktora-zeljeznickih-teretnih-operatera-iz-regije\/"]}]},{"@type":"BreadcrumbList","@id":"https:\/\/hz.hr\/sastanak-direktora-zeljeznickih-teretnih-operatera-iz-regije\/#breadcrumb","itemListElement":[{"@type":"ListItem","position":1,"name":"Home","item":"https:\/\/hz.hr\/en\/"},{"@type":"ListItem","position":2,"name":"Sastanak direktora \u017eeljezni\u010dkih teretnih operatera iz regije"}]},{"@type":"WebSite","@id":"https:\/\/hz.hr\/#website","url":"https:\/\/hz.hr\/","name":"H\u017d Cargo","description":"dru\u0161tvo s ograni\u010denom odgovorno\u0161\u0107u za prijevoz tereta","potentialAction":[{"@type":"SearchAction","target":{"@type":"EntryPoint","urlTemplate":"https:\/\/hz.hr\/?s={search_term_string}"},"query-input":"required name=search_term_string"}],"inLanguage":"en-US"},{"@type":"Person","@id":"https:\/\/hz.hr\/#\/schema\/person\/e6a756daf50d739efc785c59686e6339","name":"redneck","image":{"@type":"ImageObject","inLanguage":"en-US","@id":"https:\/\/hz.hr\/#\/schema\/person\/image\/","url":"https:\/\/secure.gravatar.com\/avatar\/4e3d009796ae573448501f7401c9a6950eb1260ce7b38fbbcf45aa4c4a19c774?s=96&d=mm&r=g","contentUrl":"https:\/\/secure.gravatar.com\/avatar\/4e3d009796ae573448501f7401c9a6950eb1260ce7b38fbbcf45aa4c4a19c774?s=96&d=mm&r=g","caption":"redneck"},"sameAs":["https:\/\/hz.hr"],"url":"https:\/\/hz.hr\/en\/author\/redneck\/"}]}},"_links":{"self":[{"href":"https:\/\/hz.hr\/en\/wp-json\/wp\/v2\/posts\/1872","targetHints":{"allow":["GET"]}}],"collection":[{"href":"https:\/\/hz.hr\/en\/wp-json\/wp\/v2\/posts"}],"about":[{"href":"https:\/\/hz.hr\/en\/wp-json\/wp\/v2\/types\/post"}],"author":[{"embeddable":true,"href":"https:\/\/hz.hr\/en\/wp-json\/wp\/v2\/users\/1"}],"replies":[{"embeddable":true,"href":"https:\/\/hz.hr\/en\/wp-json\/wp\/v2\/comments?post=1872"}],"version-history":[{"count":5,"href":"https:\/\/hz.hr\/en\/wp-json\/wp\/v2\/posts\/1872\/revisions"}],"predecessor-version":[{"id":3310,"href":"https:\/\/hz.hr\/en\/wp-json\/wp\/v2\/posts\/1872\/revisions\/3310"}],"wp:attachment":[{"href":"https:\/\/hz.hr\/en\/wp-json\/wp\/v2\/media?parent=1872"}],"wp:term":[{"taxonomy":"category","embeddable":true,"href":"https:\/\/hz.hr\/en\/wp-json\/wp\/v2\/categories?post=1872"},{"taxonomy":"post_tag","embeddable":true,"href":"https:\/\/hz.hr\/en\/wp-json\/wp\/v2\/tags?post=1872"}],"curies":[{"name":"wp","href":"https:\/\/api.w.org\/{rel}","templated":true}]}}